{"id":541,"date":"2017-05-18T12:37:00","date_gmt":"2017-05-18T10:37:00","guid":{"rendered":"https:\/\/museo.chioggia.org\/?p=541"},"modified":"2023-02-27T12:38:39","modified_gmt":"2023-02-27T11:38:39","slug":"progetto-galileo","status":"publish","type":"post","link":"https:\/\/museo.comune.chioggia.ve.it\/en\/mostre\/progetto-galileo\/","title":{"rendered":"Progetto Galileo"},"content":{"rendered":"\n<p><strong>Inaugurazione: gioved\u00ec\u00a018 Maggio, ore 17.00<\/strong><\/p>\n\n\n\n<p><strong>Sala delle esposizioni del Museo Civico<\/strong><\/p>\n\n\n\n<p>La XIII edizione del Progetto Galileo affronta il tema dello spazio e del tempo e del forte legame tra questi due elementi.<\/p>\n\n\n\n<p>Carlo Rovelli con il suo libro &#8220;Sette brevi lezioni di fisica&#8221; ha ispirato i ragazzi dell&#8217;Istituto Comprensivo Chioggia 2 che hanno dato una loro reinterpretazione di questo argomento.<\/p>\n\n\n\n<p>Nella sua pubblicazione, Rovelli spiega in modo semplice il funzionamento dei buchi neri e del cosmo fino ad arrivare allo stesso pensiero: i ragazzi hanno approfondito le sue riflessioni dando vita ad un progetto condiviso tra le scuole materna &#8220;Padoan&#8221;, primarie &#8220;Todaro&#8221; e &#8220;Poliuto&#8221;, medie &#8220;Pascoli&#8221; e &#8220;Maderna&#8221;.<\/p>\n\n\n\n<p>La mostra rimarr\u00e0 aperta da gioved\u00ec 18 maggio fino a domenica 28 maggio con orario: <br>marted\u00ec-venerd\u00ec 9:00-13:00 <br>sabato-domenica 9:00-13:00 e 15:00-18:00<\/p>\n","protected":false},"excerpt":{"rendered":"<p>Inaugurazione: gioved\u00ec\u00a018 Maggio, ore 17.00 Sala delle esposizioni del Museo Civico La XIII edizione del Progetto Galileo affronta il tema dello spazio e del tempo e del forte legame tra questi due elementi. Carlo Rovelli con il suo libro &#8220;Sette brevi lezioni di fisica&#8221; ha ispirato i ragazzi dell&#8217;Istituto Comprensivo Chioggia 2 che hanno dato [&hellip;]<\/p>\n","protected":false},"author":1,"featured_media":0,"comment_status":"closed","ping_status":"closed","sticky":false,"template":"","format":"standard","meta":{"_acf_changed":false,"footnotes":""},"categories":[7],"tags":[],"class_list":["post-541","post","type-post","status-publish","format-standard","hentry","category-mostre"],"acf":[],"yoast_head":"<!-- This site is optimized with the Yoast SEO plugin v27.3 - https:\/\/yoast.com\/product\/yoast-seo-wordpress\/ -->\n<title>Progetto Galileo - Museo Civico della Laguna Sud<\/title>\n<meta name=\"robots\" content=\"index, follow, max-snippet:-1, max-image-preview:large, max-video-preview:-1\" \/>\n<link rel=\"canonical\" href=\"https:\/\/museo.comune.chioggia.ve.it\/en\/mostre\/progetto-galileo\/\" \/>\n<meta property=\"og:locale\" content=\"en_US\" \/>\n<meta property=\"og:type\" content=\"article\" \/>\n<meta property=\"og:title\" content=\"Progetto Galileo - Museo Civico della Laguna Sud\" \/>\n<meta property=\"og:description\" content=\"Inaugurazione: gioved\u00ec\u00a018 Maggio, ore 17.00 Sala delle esposizioni del Museo Civico La XIII edizione del Progetto Galileo affronta il tema dello spazio e del tempo e del forte legame tra questi due elementi. Carlo Rovelli con il suo libro &#8220;Sette brevi lezioni di fisica&#8221; ha ispirato i ragazzi dell&#8217;Istituto Comprensivo Chioggia 2 che hanno dato [&hellip;]\" \/>\n<meta property=\"og:url\" content=\"https:\/\/museo.comune.chioggia.ve.it\/en\/mostre\/progetto-galileo\/\" \/>\n<meta property=\"og:site_name\" content=\"Museo Civico della Laguna Sud\" \/>\n<meta property=\"article:published_time\" content=\"2017-05-18T10:37:00+00:00\" \/>\n<meta property=\"article:modified_time\" content=\"2023-02-27T11:38:39+00:00\" \/>\n<meta name=\"author\" content=\"admin\" \/>\n<meta name=\"twitter:card\" content=\"summary_large_image\" \/>\n<meta name=\"twitter:label1\" content=\"Written by\" \/>\n\t<meta name=\"twitter:data1\" content=\"admin\" \/>\n\t<meta name=\"twitter:label2\" content=\"Est. reading time\" \/>\n\t<meta name=\"twitter:data2\" content=\"1 minute\" \/>\n<script type=\"application\/ld+json\" class=\"yoast-schema-graph\">{\"@context\":\"https:\\\/\\\/schema.org\",\"@graph\":[{\"@type\":\"Article\",\"@id\":\"https:\\\/\\\/museo.comune.chioggia.ve.it\\\/en\\\/mostre\\\/progetto-galileo\\\/#article\",\"isPartOf\":{\"@id\":\"https:\\\/\\\/museo.comune.chioggia.ve.it\\\/en\\\/mostre\\\/progetto-galileo\\\/\"},\"author\":{\"name\":\"admin\",\"@id\":\"https:\\\/\\\/museo.comune.chioggia.ve.it\\\/en\\\/#\\\/schema\\\/person\\\/58192f62152f07e301ffba0cfdfccabf\"},\"headline\":\"Progetto Galileo\",\"datePublished\":\"2017-05-18T10:37:00+00:00\",\"dateModified\":\"2023-02-27T11:38:39+00:00\",\"mainEntityOfPage\":{\"@id\":\"https:\\\/\\\/museo.comune.chioggia.ve.it\\\/en\\\/mostre\\\/progetto-galileo\\\/\"},\"wordCount\":130,\"publisher\":{\"@id\":\"https:\\\/\\\/museo.comune.chioggia.ve.it\\\/en\\\/#organization\"},\"articleSection\":[\"Mostre\"],\"inLanguage\":\"en-US\"},{\"@type\":\"WebPage\",\"@id\":\"https:\\\/\\\/museo.comune.chioggia.ve.it\\\/en\\\/mostre\\\/progetto-galileo\\\/\",\"url\":\"https:\\\/\\\/museo.comune.chioggia.ve.it\\\/en\\\/mostre\\\/progetto-galileo\\\/\",\"name\":\"Progetto Galileo - Museo Civico della Laguna Sud\",\"isPartOf\":{\"@id\":\"https:\\\/\\\/museo.comune.chioggia.ve.it\\\/en\\\/#website\"},\"datePublished\":\"2017-05-18T10:37:00+00:00\",\"dateModified\":\"2023-02-27T11:38:39+00:00\",\"breadcrumb\":{\"@id\":\"https:\\\/\\\/museo.comune.chioggia.ve.it\\\/en\\\/mostre\\\/progetto-galileo\\\/#breadcrumb\"},\"inLanguage\":\"en-US\",\"potentialAction\":[{\"@type\":\"ReadAction\",\"target\":[\"https:\\\/\\\/museo.comune.chioggia.ve.it\\\/en\\\/mostre\\\/progetto-galileo\\\/\"]}]},{\"@type\":\"BreadcrumbList\",\"@id\":\"https:\\\/\\\/museo.comune.chioggia.ve.it\\\/en\\\/mostre\\\/progetto-galileo\\\/#breadcrumb\",\"itemListElement\":[{\"@type\":\"ListItem\",\"position\":1,\"name\":\"Home\",\"item\":\"https:\\\/\\\/museo.comune.chioggia.ve.it\\\/en\\\/\"},{\"@type\":\"ListItem\",\"position\":2,\"name\":\"Progetto Galileo\"}]},{\"@type\":\"WebSite\",\"@id\":\"https:\\\/\\\/museo.comune.chioggia.ve.it\\\/en\\\/#website\",\"url\":\"https:\\\/\\\/museo.comune.chioggia.ve.it\\\/en\\\/\",\"name\":\"Museo Civico della Laguna Sud\",\"description\":\"San Francesco fuori le mura\",\"publisher\":{\"@id\":\"https:\\\/\\\/museo.comune.chioggia.ve.it\\\/en\\\/#organization\"},\"potentialAction\":[{\"@type\":\"SearchAction\",\"target\":{\"@type\":\"EntryPoint\",\"urlTemplate\":\"https:\\\/\\\/museo.comune.chioggia.ve.it\\\/en\\\/?s={search_term_string}\"},\"query-input\":{\"@type\":\"PropertyValueSpecification\",\"valueRequired\":true,\"valueName\":\"search_term_string\"}}],\"inLanguage\":\"en-US\"},{\"@type\":\"Organization\",\"@id\":\"https:\\\/\\\/museo.comune.chioggia.ve.it\\\/en\\\/#organization\",\"name\":\"Museo Civico della Laguna Sud\",\"url\":\"https:\\\/\\\/museo.comune.chioggia.ve.it\\\/en\\\/\",\"logo\":{\"@type\":\"ImageObject\",\"inLanguage\":\"en-US\",\"@id\":\"https:\\\/\\\/museo.comune.chioggia.ve.it\\\/en\\\/#\\\/schema\\\/logo\\\/image\\\/\",\"url\":\"https:\\\/\\\/museo.comune.chioggia.ve.it\\\/wp-content\\\/uploads\\\/2023\\\/06\\\/cropped-Logo_Museo-01.png\",\"contentUrl\":\"https:\\\/\\\/museo.comune.chioggia.ve.it\\\/wp-content\\\/uploads\\\/2023\\\/06\\\/cropped-Logo_Museo-01.png\",\"width\":621,\"height\":179,\"caption\":\"Museo Civico della Laguna Sud\"},\"image\":{\"@id\":\"https:\\\/\\\/museo.comune.chioggia.ve.it\\\/en\\\/#\\\/schema\\\/logo\\\/image\\\/\"}},{\"@type\":\"Person\",\"@id\":\"https:\\\/\\\/museo.comune.chioggia.ve.it\\\/en\\\/#\\\/schema\\\/person\\\/58192f62152f07e301ffba0cfdfccabf\",\"name\":\"admin\",\"image\":{\"@type\":\"ImageObject\",\"inLanguage\":\"en-US\",\"@id\":\"https:\\\/\\\/secure.gravatar.com\\\/avatar\\\/5ca6e046df97fda2d2ad39ad1d2a68842b251ad3d0d94627063cc12b7ca65579?s=96&d=mm&r=g\",\"url\":\"https:\\\/\\\/secure.gravatar.com\\\/avatar\\\/5ca6e046df97fda2d2ad39ad1d2a68842b251ad3d0d94627063cc12b7ca65579?s=96&d=mm&r=g\",\"contentUrl\":\"https:\\\/\\\/secure.gravatar.com\\\/avatar\\\/5ca6e046df97fda2d2ad39ad1d2a68842b251ad3d0d94627063cc12b7ca65579?s=96&d=mm&r=g\",\"caption\":\"admin\"},\"sameAs\":[\"https:\\\/\\\/museo.comune.chioggia.ve.it\\\/wordpress\"]}]}<\/script>\n<!-- \/ Yoast SEO plugin. -->","yoast_head_json":{"title":"Progetto Galileo - Museo Civico della Laguna Sud","robots":{"index":"index","follow":"follow","max-snippet":"max-snippet:-1","max-image-preview":"max-image-preview:large","max-video-preview":"max-video-preview:-1"},"canonical":"https:\/\/museo.comune.chioggia.ve.it\/en\/mostre\/progetto-galileo\/","og_locale":"en_US","og_type":"article","og_title":"Progetto Galileo - Museo Civico della Laguna Sud","og_description":"Inaugurazione: gioved\u00ec\u00a018 Maggio, ore 17.00 Sala delle esposizioni del Museo Civico La XIII edizione del Progetto Galileo affronta il tema dello spazio e del tempo e del forte legame tra questi due elementi. Carlo Rovelli con il suo libro &#8220;Sette brevi lezioni di fisica&#8221; ha ispirato i ragazzi dell&#8217;Istituto Comprensivo Chioggia 2 che hanno dato [&hellip;]","og_url":"https:\/\/museo.comune.chioggia.ve.it\/en\/mostre\/progetto-galileo\/","og_site_name":"Museo Civico della Laguna Sud","article_published_time":"2017-05-18T10:37:00+00:00","article_modified_time":"2023-02-27T11:38:39+00:00","author":"admin","twitter_card":"summary_large_image","twitter_misc":{"Written by":"admin","Est. reading time":"1 minute"},"schema":{"@context":"https:\/\/schema.org","@graph":[{"@type":"Article","@id":"https:\/\/museo.comune.chioggia.ve.it\/en\/mostre\/progetto-galileo\/#article","isPartOf":{"@id":"https:\/\/museo.comune.chioggia.ve.it\/en\/mostre\/progetto-galileo\/"},"author":{"name":"admin","@id":"https:\/\/museo.comune.chioggia.ve.it\/en\/#\/schema\/person\/58192f62152f07e301ffba0cfdfccabf"},"headline":"Progetto Galileo","datePublished":"2017-05-18T10:37:00+00:00","dateModified":"2023-02-27T11:38:39+00:00","mainEntityOfPage":{"@id":"https:\/\/museo.comune.chioggia.ve.it\/en\/mostre\/progetto-galileo\/"},"wordCount":130,"publisher":{"@id":"https:\/\/museo.comune.chioggia.ve.it\/en\/#organization"},"articleSection":["Mostre"],"inLanguage":"en-US"},{"@type":"WebPage","@id":"https:\/\/museo.comune.chioggia.ve.it\/en\/mostre\/progetto-galileo\/","url":"https:\/\/museo.comune.chioggia.ve.it\/en\/mostre\/progetto-galileo\/","name":"Progetto Galileo - Museo Civico della Laguna Sud","isPartOf":{"@id":"https:\/\/museo.comune.chioggia.ve.it\/en\/#website"},"datePublished":"2017-05-18T10:37:00+00:00","dateModified":"2023-02-27T11:38:39+00:00","breadcrumb":{"@id":"https:\/\/museo.comune.chioggia.ve.it\/en\/mostre\/progetto-galileo\/#breadcrumb"},"inLanguage":"en-US","potentialAction":[{"@type":"ReadAction","target":["https:\/\/museo.comune.chioggia.ve.it\/en\/mostre\/progetto-galileo\/"]}]},{"@type":"BreadcrumbList","@id":"https:\/\/museo.comune.chioggia.ve.it\/en\/mostre\/progetto-galileo\/#breadcrumb","itemListElement":[{"@type":"ListItem","position":1,"name":"Home","item":"https:\/\/museo.comune.chioggia.ve.it\/en\/"},{"@type":"ListItem","position":2,"name":"Progetto Galileo"}]},{"@type":"WebSite","@id":"https:\/\/museo.comune.chioggia.ve.it\/en\/#website","url":"https:\/\/museo.comune.chioggia.ve.it\/en\/","name":"Museo Civico della Laguna Sud","description":"San Francesco fuori le mura","publisher":{"@id":"https:\/\/museo.comune.chioggia.ve.it\/en\/#organization"},"potentialAction":[{"@type":"SearchAction","target":{"@type":"EntryPoint","urlTemplate":"https:\/\/museo.comune.chioggia.ve.it\/en\/?s={search_term_string}"},"query-input":{"@type":"PropertyValueSpecification","valueRequired":true,"valueName":"search_term_string"}}],"inLanguage":"en-US"},{"@type":"Organization","@id":"https:\/\/museo.comune.chioggia.ve.it\/en\/#organization","name":"Museo Civico della Laguna Sud","url":"https:\/\/museo.comune.chioggia.ve.it\/en\/","logo":{"@type":"ImageObject","inLanguage":"en-US","@id":"https:\/\/museo.comune.chioggia.ve.it\/en\/#\/schema\/logo\/image\/","url":"https:\/\/museo.comune.chioggia.ve.it\/wp-content\/uploads\/2023\/06\/cropped-Logo_Museo-01.png","contentUrl":"https:\/\/museo.comune.chioggia.ve.it\/wp-content\/uploads\/2023\/06\/cropped-Logo_Museo-01.png","width":621,"height":179,"caption":"Museo Civico della Laguna Sud"},"image":{"@id":"https:\/\/museo.comune.chioggia.ve.it\/en\/#\/schema\/logo\/image\/"}},{"@type":"Person","@id":"https:\/\/museo.comune.chioggia.ve.it\/en\/#\/schema\/person\/58192f62152f07e301ffba0cfdfccabf","name":"admin","image":{"@type":"ImageObject","inLanguage":"en-US","@id":"https:\/\/secure.gravatar.com\/avatar\/5ca6e046df97fda2d2ad39ad1d2a68842b251ad3d0d94627063cc12b7ca65579?s=96&d=mm&r=g","url":"https:\/\/secure.gravatar.com\/avatar\/5ca6e046df97fda2d2ad39ad1d2a68842b251ad3d0d94627063cc12b7ca65579?s=96&d=mm&r=g","contentUrl":"https:\/\/secure.gravatar.com\/avatar\/5ca6e046df97fda2d2ad39ad1d2a68842b251ad3d0d94627063cc12b7ca65579?s=96&d=mm&r=g","caption":"admin"},"sameAs":["https:\/\/museo.comune.chioggia.ve.it\/wordpress"]}]}},"_links":{"self":[{"href":"https:\/\/museo.comune.chioggia.ve.it\/en\/wp-json\/wp\/v2\/posts\/541","targetHints":{"allow":["GET"]}}],"collection":[{"href":"https:\/\/museo.comune.chioggia.ve.it\/en\/wp-json\/wp\/v2\/posts"}],"about":[{"href":"https:\/\/museo.comune.chioggia.ve.it\/en\/wp-json\/wp\/v2\/types\/post"}],"author":[{"embeddable":true,"href":"https:\/\/museo.comune.chioggia.ve.it\/en\/wp-json\/wp\/v2\/users\/1"}],"replies":[{"embeddable":true,"href":"https:\/\/museo.comune.chioggia.ve.it\/en\/wp-json\/wp\/v2\/comments?post=541"}],"version-history":[{"count":2,"href":"https:\/\/museo.comune.chioggia.ve.it\/en\/wp-json\/wp\/v2\/posts\/541\/revisions"}],"predecessor-version":[{"id":543,"href":"https:\/\/museo.comune.chioggia.ve.it\/en\/wp-json\/wp\/v2\/posts\/541\/revisions\/543"}],"wp:attachment":[{"href":"https:\/\/museo.comune.chioggia.ve.it\/en\/wp-json\/wp\/v2\/media?parent=541"}],"wp:term":[{"taxonomy":"category","embeddable":true,"href":"https:\/\/museo.comune.chioggia.ve.it\/en\/wp-json\/wp\/v2\/categories?post=541"},{"taxonomy":"post_tag","embeddable":true,"href":"https:\/\/museo.comune.chioggia.ve.it\/en\/wp-json\/wp\/v2\/tags?post=541"}],"curies":[{"name":"wp","href":"https:\/\/api.w.org\/{rel}","templated":true}]}}