{"id":563,"date":"2018-06-01T12:54:00","date_gmt":"2018-06-01T10:54:00","guid":{"rendered":"https:\/\/museo.chioggia.org\/?p=563"},"modified":"2023-02-27T15:18:55","modified_gmt":"2023-02-27T14:18:55","slug":"merletti-e-fuselli","status":"publish","type":"post","link":"https:\/\/museo.comune.chioggia.ve.it\/en\/mostre\/merletti-e-fuselli\/","title":{"rendered":"Merletti e fuselli"},"content":{"rendered":"\n<p>1 giugno &#8211; 1 luglio 2018<\/p>\n\n\n\n<p><strong>dall&#8217;1 all&#8217;11 giugno<\/strong>:<br>Marted\u00ec, Mercoled\u00ec, Gioved\u00ec, Venerd\u00ec ore 9:00 \u2013 13:00<br>Sabato e Domenica 9:00 \u2013 13:00 \/ 15:00 \u2013 18:00<\/p>\n\n\n\n<p><strong>dal 12 giugno al 1\u00b0 luglio<\/strong>:<br>Marted\u00ec e Mercoled\u00ec ore 9:00 \u2013 13:00<br>Gioved\u00ec, Venerd\u00ec, Sabato e Domenica 9:00 \u2013 13:00 \/ 21:00 \u2013 23:00<\/p>\n","protected":false},"excerpt":{"rendered":"<p>1 giugno &#8211; 1 luglio 2018 dall&#8217;1 all&#8217;11 giugno:Marted\u00ec, Mercoled\u00ec, Gioved\u00ec, Venerd\u00ec ore 9:00 \u2013 13:00Sabato e Domenica 9:00 \u2013 13:00 \/ 15:00 \u2013 18:00 dal 12 giugno al 1\u00b0 luglio:Marted\u00ec e Mercoled\u00ec ore 9:00 \u2013 13:00Gioved\u00ec, Venerd\u00ec, Sabato e Domenica 9:00 \u2013 13:00 \/ 21:00 \u2013 23:00<\/p>\n","protected":false},"author":1,"featured_media":612,"comment_status":"closed","ping_status":"closed","sticky":false,"template":"","format":"standard","meta":{"_acf_changed":false,"footnotes":""},"categories":[7],"tags":[],"class_list":["post-563","post","type-post","status-publish","format-standard","has-post-thumbnail","hentry","category-mostre"],"acf":[],"yoast_head":"<!-- This site is optimized with the Yoast SEO plugin v27.3 - https:\/\/yoast.com\/product\/yoast-seo-wordpress\/ -->\n<title>Merletti e fuselli - Museo Civico della Laguna Sud<\/title>\n<meta name=\"robots\" content=\"index, follow, max-snippet:-1, max-image-preview:large, max-video-preview:-1\" \/>\n<link rel=\"canonical\" href=\"https:\/\/museo.comune.chioggia.ve.it\/en\/mostre\/merletti-e-fuselli\/\" \/>\n<meta property=\"og:locale\" content=\"en_US\" \/>\n<meta property=\"og:type\" content=\"article\" \/>\n<meta property=\"og:title\" content=\"Merletti e fuselli - Museo Civico della Laguna Sud\" \/>\n<meta property=\"og:description\" content=\"1 giugno &#8211; 1 luglio 2018 dall&#8217;1 all&#8217;11 giugno:Marted\u00ec, Mercoled\u00ec, Gioved\u00ec, Venerd\u00ec ore 9:00 \u2013 13:00Sabato e Domenica 9:00 \u2013 13:00 \/ 15:00 \u2013 18:00 dal 12 giugno al 1\u00b0 luglio:Marted\u00ec e Mercoled\u00ec ore 9:00 \u2013 13:00Gioved\u00ec, Venerd\u00ec, Sabato e Domenica 9:00 \u2013 13:00 \/ 21:00 \u2013 23:00\" \/>\n<meta property=\"og:url\" content=\"https:\/\/museo.comune.chioggia.ve.it\/en\/mostre\/merletti-e-fuselli\/\" \/>\n<meta property=\"og:site_name\" content=\"Museo Civico della Laguna Sud\" \/>\n<meta property=\"article:published_time\" content=\"2018-06-01T10:54:00+00:00\" \/>\n<meta property=\"article:modified_time\" content=\"2023-02-27T14:18:55+00:00\" \/>\n<meta property=\"og:image\" content=\"https:\/\/museo.comune.chioggia.ve.it\/wp-content\/uploads\/2018\/06\/Merletti_e_Fuselli.jpg\" \/>\n\t<meta property=\"og:image:width\" content=\"1920\" \/>\n\t<meta property=\"og:image:height\" content=\"1281\" \/>\n\t<meta property=\"og:image:type\" content=\"image\/jpeg\" \/>\n<meta name=\"author\" content=\"admin\" \/>\n<meta name=\"twitter:card\" content=\"summary_large_image\" \/>\n<meta name=\"twitter:label1\" content=\"Written by\" \/>\n\t<meta name=\"twitter:data1\" content=\"admin\" \/>\n\t<meta name=\"twitter:label2\" content=\"Est. reading time\" \/>\n\t<meta name=\"twitter:data2\" content=\"1 minute\" \/>\n<script type=\"application\/ld+json\" class=\"yoast-schema-graph\">{\"@context\":\"https:\\\/\\\/schema.org\",\"@graph\":[{\"@type\":\"Article\",\"@id\":\"https:\\\/\\\/museo.comune.chioggia.ve.it\\\/en\\\/mostre\\\/merletti-e-fuselli\\\/#article\",\"isPartOf\":{\"@id\":\"https:\\\/\\\/museo.comune.chioggia.ve.it\\\/en\\\/mostre\\\/merletti-e-fuselli\\\/\"},\"author\":{\"name\":\"admin\",\"@id\":\"https:\\\/\\\/museo.comune.chioggia.ve.it\\\/en\\\/#\\\/schema\\\/person\\\/58192f62152f07e301ffba0cfdfccabf\"},\"headline\":\"Merletti e fuselli\",\"datePublished\":\"2018-06-01T10:54:00+00:00\",\"dateModified\":\"2023-02-27T14:18:55+00:00\",\"mainEntityOfPage\":{\"@id\":\"https:\\\/\\\/museo.comune.chioggia.ve.it\\\/en\\\/mostre\\\/merletti-e-fuselli\\\/\"},\"wordCount\":30,\"publisher\":{\"@id\":\"https:\\\/\\\/museo.comune.chioggia.ve.it\\\/en\\\/#organization\"},\"image\":{\"@id\":\"https:\\\/\\\/museo.comune.chioggia.ve.it\\\/en\\\/mostre\\\/merletti-e-fuselli\\\/#primaryimage\"},\"thumbnailUrl\":\"https:\\\/\\\/museo.comune.chioggia.ve.it\\\/wp-content\\\/uploads\\\/2018\\\/06\\\/Merletti_e_Fuselli.jpg\",\"articleSection\":[\"Mostre\"],\"inLanguage\":\"en-US\"},{\"@type\":\"WebPage\",\"@id\":\"https:\\\/\\\/museo.comune.chioggia.ve.it\\\/en\\\/mostre\\\/merletti-e-fuselli\\\/\",\"url\":\"https:\\\/\\\/museo.comune.chioggia.ve.it\\\/en\\\/mostre\\\/merletti-e-fuselli\\\/\",\"name\":\"Merletti e fuselli - Museo Civico della Laguna Sud\",\"isPartOf\":{\"@id\":\"https:\\\/\\\/museo.comune.chioggia.ve.it\\\/en\\\/#website\"},\"primaryImageOfPage\":{\"@id\":\"https:\\\/\\\/museo.comune.chioggia.ve.it\\\/en\\\/mostre\\\/merletti-e-fuselli\\\/#primaryimage\"},\"image\":{\"@id\":\"https:\\\/\\\/museo.comune.chioggia.ve.it\\\/en\\\/mostre\\\/merletti-e-fuselli\\\/#primaryimage\"},\"thumbnailUrl\":\"https:\\\/\\\/museo.comune.chioggia.ve.it\\\/wp-content\\\/uploads\\\/2018\\\/06\\\/Merletti_e_Fuselli.jpg\",\"datePublished\":\"2018-06-01T10:54:00+00:00\",\"dateModified\":\"2023-02-27T14:18:55+00:00\",\"breadcrumb\":{\"@id\":\"https:\\\/\\\/museo.comune.chioggia.ve.it\\\/en\\\/mostre\\\/merletti-e-fuselli\\\/#breadcrumb\"},\"inLanguage\":\"en-US\",\"potentialAction\":[{\"@type\":\"ReadAction\",\"target\":[\"https:\\\/\\\/museo.comune.chioggia.ve.it\\\/en\\\/mostre\\\/merletti-e-fuselli\\\/\"]}]},{\"@type\":\"ImageObject\",\"inLanguage\":\"en-US\",\"@id\":\"https:\\\/\\\/museo.comune.chioggia.ve.it\\\/en\\\/mostre\\\/merletti-e-fuselli\\\/#primaryimage\",\"url\":\"https:\\\/\\\/museo.comune.chioggia.ve.it\\\/wp-content\\\/uploads\\\/2018\\\/06\\\/Merletti_e_Fuselli.jpg\",\"contentUrl\":\"https:\\\/\\\/museo.comune.chioggia.ve.it\\\/wp-content\\\/uploads\\\/2018\\\/06\\\/Merletti_e_Fuselli.jpg\",\"width\":1920,\"height\":1281,\"caption\":\"Merletti e Fuselli Flyer\"},{\"@type\":\"BreadcrumbList\",\"@id\":\"https:\\\/\\\/museo.comune.chioggia.ve.it\\\/en\\\/mostre\\\/merletti-e-fuselli\\\/#breadcrumb\",\"itemListElement\":[{\"@type\":\"ListItem\",\"position\":1,\"name\":\"Home\",\"item\":\"https:\\\/\\\/museo.comune.chioggia.ve.it\\\/en\\\/\"},{\"@type\":\"ListItem\",\"position\":2,\"name\":\"Merletti e fuselli\"}]},{\"@type\":\"WebSite\",\"@id\":\"https:\\\/\\\/museo.comune.chioggia.ve.it\\\/en\\\/#website\",\"url\":\"https:\\\/\\\/museo.comune.chioggia.ve.it\\\/en\\\/\",\"name\":\"Museo Civico della Laguna Sud\",\"description\":\"San Francesco fuori le mura\",\"publisher\":{\"@id\":\"https:\\\/\\\/museo.comune.chioggia.ve.it\\\/en\\\/#organization\"},\"potentialAction\":[{\"@type\":\"SearchAction\",\"target\":{\"@type\":\"EntryPoint\",\"urlTemplate\":\"https:\\\/\\\/museo.comune.chioggia.ve.it\\\/en\\\/?s={search_term_string}\"},\"query-input\":{\"@type\":\"PropertyValueSpecification\",\"valueRequired\":true,\"valueName\":\"search_term_string\"}}],\"inLanguage\":\"en-US\"},{\"@type\":\"Organization\",\"@id\":\"https:\\\/\\\/museo.comune.chioggia.ve.it\\\/en\\\/#organization\",\"name\":\"Museo Civico della Laguna Sud\",\"url\":\"https:\\\/\\\/museo.comune.chioggia.ve.it\\\/en\\\/\",\"logo\":{\"@type\":\"ImageObject\",\"inLanguage\":\"en-US\",\"@id\":\"https:\\\/\\\/museo.comune.chioggia.ve.it\\\/en\\\/#\\\/schema\\\/logo\\\/image\\\/\",\"url\":\"https:\\\/\\\/museo.comune.chioggia.ve.it\\\/wp-content\\\/uploads\\\/2023\\\/06\\\/cropped-Logo_Museo-01.png\",\"contentUrl\":\"https:\\\/\\\/museo.comune.chioggia.ve.it\\\/wp-content\\\/uploads\\\/2023\\\/06\\\/cropped-Logo_Museo-01.png\",\"width\":621,\"height\":179,\"caption\":\"Museo Civico della Laguna Sud\"},\"image\":{\"@id\":\"https:\\\/\\\/museo.comune.chioggia.ve.it\\\/en\\\/#\\\/schema\\\/logo\\\/image\\\/\"}},{\"@type\":\"Person\",\"@id\":\"https:\\\/\\\/museo.comune.chioggia.ve.it\\\/en\\\/#\\\/schema\\\/person\\\/58192f62152f07e301ffba0cfdfccabf\",\"name\":\"admin\",\"image\":{\"@type\":\"ImageObject\",\"inLanguage\":\"en-US\",\"@id\":\"https:\\\/\\\/secure.gravatar.com\\\/avatar\\\/5ca6e046df97fda2d2ad39ad1d2a68842b251ad3d0d94627063cc12b7ca65579?s=96&d=mm&r=g\",\"url\":\"https:\\\/\\\/secure.gravatar.com\\\/avatar\\\/5ca6e046df97fda2d2ad39ad1d2a68842b251ad3d0d94627063cc12b7ca65579?s=96&d=mm&r=g\",\"contentUrl\":\"https:\\\/\\\/secure.gravatar.com\\\/avatar\\\/5ca6e046df97fda2d2ad39ad1d2a68842b251ad3d0d94627063cc12b7ca65579?s=96&d=mm&r=g\",\"caption\":\"admin\"},\"sameAs\":[\"https:\\\/\\\/museo.comune.chioggia.ve.it\\\/wordpress\"]}]}<\/script>\n<!-- \/ Yoast SEO plugin. -->","yoast_head_json":{"title":"Merletti e fuselli - Museo Civico della Laguna Sud","robots":{"index":"index","follow":"follow","max-snippet":"max-snippet:-1","max-image-preview":"max-image-preview:large","max-video-preview":"max-video-preview:-1"},"canonical":"https:\/\/museo.comune.chioggia.ve.it\/en\/mostre\/merletti-e-fuselli\/","og_locale":"en_US","og_type":"article","og_title":"Merletti e fuselli - Museo Civico della Laguna Sud","og_description":"1 giugno &#8211; 1 luglio 2018 dall&#8217;1 all&#8217;11 giugno:Marted\u00ec, Mercoled\u00ec, Gioved\u00ec, Venerd\u00ec ore 9:00 \u2013 13:00Sabato e Domenica 9:00 \u2013 13:00 \/ 15:00 \u2013 18:00 dal 12 giugno al 1\u00b0 luglio:Marted\u00ec e Mercoled\u00ec ore 9:00 \u2013 13:00Gioved\u00ec, Venerd\u00ec, Sabato e Domenica 9:00 \u2013 13:00 \/ 21:00 \u2013 23:00","og_url":"https:\/\/museo.comune.chioggia.ve.it\/en\/mostre\/merletti-e-fuselli\/","og_site_name":"Museo Civico della Laguna Sud","article_published_time":"2018-06-01T10:54:00+00:00","article_modified_time":"2023-02-27T14:18:55+00:00","og_image":[{"width":1920,"height":1281,"url":"https:\/\/museo.comune.chioggia.ve.it\/wp-content\/uploads\/2018\/06\/Merletti_e_Fuselli.jpg","type":"image\/jpeg"}],"author":"admin","twitter_card":"summary_large_image","twitter_misc":{"Written by":"admin","Est. reading time":"1 minute"},"schema":{"@context":"https:\/\/schema.org","@graph":[{"@type":"Article","@id":"https:\/\/museo.comune.chioggia.ve.it\/en\/mostre\/merletti-e-fuselli\/#article","isPartOf":{"@id":"https:\/\/museo.comune.chioggia.ve.it\/en\/mostre\/merletti-e-fuselli\/"},"author":{"name":"admin","@id":"https:\/\/museo.comune.chioggia.ve.it\/en\/#\/schema\/person\/58192f62152f07e301ffba0cfdfccabf"},"headline":"Merletti e fuselli","datePublished":"2018-06-01T10:54:00+00:00","dateModified":"2023-02-27T14:18:55+00:00","mainEntityOfPage":{"@id":"https:\/\/museo.comune.chioggia.ve.it\/en\/mostre\/merletti-e-fuselli\/"},"wordCount":30,"publisher":{"@id":"https:\/\/museo.comune.chioggia.ve.it\/en\/#organization"},"image":{"@id":"https:\/\/museo.comune.chioggia.ve.it\/en\/mostre\/merletti-e-fuselli\/#primaryimage"},"thumbnailUrl":"https:\/\/museo.comune.chioggia.ve.it\/wp-content\/uploads\/2018\/06\/Merletti_e_Fuselli.jpg","articleSection":["Mostre"],"inLanguage":"en-US"},{"@type":"WebPage","@id":"https:\/\/museo.comune.chioggia.ve.it\/en\/mostre\/merletti-e-fuselli\/","url":"https:\/\/museo.comune.chioggia.ve.it\/en\/mostre\/merletti-e-fuselli\/","name":"Merletti e fuselli - Museo Civico della Laguna Sud","isPartOf":{"@id":"https:\/\/museo.comune.chioggia.ve.it\/en\/#website"},"primaryImageOfPage":{"@id":"https:\/\/museo.comune.chioggia.ve.it\/en\/mostre\/merletti-e-fuselli\/#primaryimage"},"image":{"@id":"https:\/\/museo.comune.chioggia.ve.it\/en\/mostre\/merletti-e-fuselli\/#primaryimage"},"thumbnailUrl":"https:\/\/museo.comune.chioggia.ve.it\/wp-content\/uploads\/2018\/06\/Merletti_e_Fuselli.jpg","datePublished":"2018-06-01T10:54:00+00:00","dateModified":"2023-02-27T14:18:55+00:00","breadcrumb":{"@id":"https:\/\/museo.comune.chioggia.ve.it\/en\/mostre\/merletti-e-fuselli\/#breadcrumb"},"inLanguage":"en-US","potentialAction":[{"@type":"ReadAction","target":["https:\/\/museo.comune.chioggia.ve.it\/en\/mostre\/merletti-e-fuselli\/"]}]},{"@type":"ImageObject","inLanguage":"en-US","@id":"https:\/\/museo.comune.chioggia.ve.it\/en\/mostre\/merletti-e-fuselli\/#primaryimage","url":"https:\/\/museo.comune.chioggia.ve.it\/wp-content\/uploads\/2018\/06\/Merletti_e_Fuselli.jpg","contentUrl":"https:\/\/museo.comune.chioggia.ve.it\/wp-content\/uploads\/2018\/06\/Merletti_e_Fuselli.jpg","width":1920,"height":1281,"caption":"Merletti e Fuselli Flyer"},{"@type":"BreadcrumbList","@id":"https:\/\/museo.comune.chioggia.ve.it\/en\/mostre\/merletti-e-fuselli\/#breadcrumb","itemListElement":[{"@type":"ListItem","position":1,"name":"Home","item":"https:\/\/museo.comune.chioggia.ve.it\/en\/"},{"@type":"ListItem","position":2,"name":"Merletti e fuselli"}]},{"@type":"WebSite","@id":"https:\/\/museo.comune.chioggia.ve.it\/en\/#website","url":"https:\/\/museo.comune.chioggia.ve.it\/en\/","name":"Museo Civico della Laguna Sud","description":"San Francesco fuori le mura","publisher":{"@id":"https:\/\/museo.comune.chioggia.ve.it\/en\/#organization"},"potentialAction":[{"@type":"SearchAction","target":{"@type":"EntryPoint","urlTemplate":"https:\/\/museo.comune.chioggia.ve.it\/en\/?s={search_term_string}"},"query-input":{"@type":"PropertyValueSpecification","valueRequired":true,"valueName":"search_term_string"}}],"inLanguage":"en-US"},{"@type":"Organization","@id":"https:\/\/museo.comune.chioggia.ve.it\/en\/#organization","name":"Museo Civico della Laguna Sud","url":"https:\/\/museo.comune.chioggia.ve.it\/en\/","logo":{"@type":"ImageObject","inLanguage":"en-US","@id":"https:\/\/museo.comune.chioggia.ve.it\/en\/#\/schema\/logo\/image\/","url":"https:\/\/museo.comune.chioggia.ve.it\/wp-content\/uploads\/2023\/06\/cropped-Logo_Museo-01.png","contentUrl":"https:\/\/museo.comune.chioggia.ve.it\/wp-content\/uploads\/2023\/06\/cropped-Logo_Museo-01.png","width":621,"height":179,"caption":"Museo Civico della Laguna Sud"},"image":{"@id":"https:\/\/museo.comune.chioggia.ve.it\/en\/#\/schema\/logo\/image\/"}},{"@type":"Person","@id":"https:\/\/museo.comune.chioggia.ve.it\/en\/#\/schema\/person\/58192f62152f07e301ffba0cfdfccabf","name":"admin","image":{"@type":"ImageObject","inLanguage":"en-US","@id":"https:\/\/secure.gravatar.com\/avatar\/5ca6e046df97fda2d2ad39ad1d2a68842b251ad3d0d94627063cc12b7ca65579?s=96&d=mm&r=g","url":"https:\/\/secure.gravatar.com\/avatar\/5ca6e046df97fda2d2ad39ad1d2a68842b251ad3d0d94627063cc12b7ca65579?s=96&d=mm&r=g","contentUrl":"https:\/\/secure.gravatar.com\/avatar\/5ca6e046df97fda2d2ad39ad1d2a68842b251ad3d0d94627063cc12b7ca65579?s=96&d=mm&r=g","caption":"admin"},"sameAs":["https:\/\/museo.comune.chioggia.ve.it\/wordpress"]}]}},"_links":{"self":[{"href":"https:\/\/museo.comune.chioggia.ve.it\/en\/wp-json\/wp\/v2\/posts\/563","targetHints":{"allow":["GET"]}}],"collection":[{"href":"https:\/\/museo.comune.chioggia.ve.it\/en\/wp-json\/wp\/v2\/posts"}],"about":[{"href":"https:\/\/museo.comune.chioggia.ve.it\/en\/wp-json\/wp\/v2\/types\/post"}],"author":[{"embeddable":true,"href":"https:\/\/museo.comune.chioggia.ve.it\/en\/wp-json\/wp\/v2\/users\/1"}],"replies":[{"embeddable":true,"href":"https:\/\/museo.comune.chioggia.ve.it\/en\/wp-json\/wp\/v2\/comments?post=563"}],"version-history":[{"count":4,"href":"https:\/\/museo.comune.chioggia.ve.it\/en\/wp-json\/wp\/v2\/posts\/563\/revisions"}],"predecessor-version":[{"id":614,"href":"https:\/\/museo.comune.chioggia.ve.it\/en\/wp-json\/wp\/v2\/posts\/563\/revisions\/614"}],"wp:featuredmedia":[{"embeddable":true,"href":"https:\/\/museo.comune.chioggia.ve.it\/en\/wp-json\/wp\/v2\/media\/612"}],"wp:attachment":[{"href":"https:\/\/museo.comune.chioggia.ve.it\/en\/wp-json\/wp\/v2\/media?parent=563"}],"wp:term":[{"taxonomy":"category","embeddable":true,"href":"https:\/\/museo.comune.chioggia.ve.it\/en\/wp-json\/wp\/v2\/categories?post=563"},{"taxonomy":"post_tag","embeddable":true,"href":"https:\/\/museo.comune.chioggia.ve.it\/en\/wp-json\/wp\/v2\/tags?post=563"}],"curies":[{"name":"wp","href":"https:\/\/api.w.org\/{rel}","templated":true}]}}